{"id":4083,"date":"2020-05-13T14:43:50","date_gmt":"2020-05-13T12:43:50","guid":{"rendered":"https:\/\/www.sharednc.com\/de\/magazin\/?p=4083"},"modified":"2025-07-07T19:55:32","modified_gmt":"2025-07-07T17:55:32","slug":"leerstand-im-buero-was-du-ueber-untervermietung-wissen-solltest","status":"publish","type":"post","link":"https:\/\/www.sharednc.com\/de\/magazin\/buero-vermieten\/leerstand-im-buero-was-du-ueber-untervermietung-wissen-solltest","title":{"rendered":"Leerstand im B\u00fcro: Was du \u00fcber Untervermietung wissen solltest"},"content":{"rendered":"\t\t<div data-elementor-type=\"wp-post\" data-elementor-id=\"4083\" class=\"elementor elementor-4083\" data-elementor-settings=\"[]\">\n\t\t\t\t\t\t<div class=\"elementor-inner\">\n\t\t\t\t\t\t\t<div class=\"elementor-section-wrap\">\n\t\t\t\t\t\t\t<section class=\"elementor-section elementor-top-section elementor-element elementor-element-ffb4397 elementor-section-boxed elementor-section-height-default elementor-section-height-default\" data-id=\"ffb4397\" data-element_type=\"section\">\n\t\t\t\t\t\t<div class=\"elementor-container elementor-column-gap-default\">\n\t\t\t\t\t\t\t<div class=\"elementor-row\">\n\t\t\t\t\t<div class=\"elementor-column elementor-col-100 elementor-top-column elementor-element elementor-element-d644890\" data-id=\"d644890\" data-element_type=\"column\">\n\t\t\t<div class=\"elementor-column-wrap elementor-element-populated\">\n\t\t\t\t\t\t\t<div class=\"elementor-widget-wrap\">\n\t\t\t\t\t\t<div class=\"elementor-element elementor-element-f8d90d0 elementor-widget elementor-widget-heading\" data-id=\"f8d90d0\" data-element_type=\"widget\" data-widget_type=\"heading.default\">\n\t\t\t\t<div class=\"elementor-widget-container\">\n\t\t\t<h1 class=\"elementor-heading-title elementor-size-default\">Add Your Heading Text Here<\/h1>\t\t<\/div>\n\t\t\t\t<\/div>\n\t\t\t\t<div class=\"elementor-element elementor-element-c9880dc elementor-widget elementor-widget-heading\" data-id=\"c9880dc\" data-element_type=\"widget\" data-widget_type=\"heading.default\">\n\t\t\t\t<div class=\"elementor-widget-container\">\n\t\t\t<h2 class=\"elementor-heading-title elementor-size-default\">Leerstand im B\u00fcro: Was du \u00fcber Untervermietung wissen solltest<\/h2>\t\t<\/div>\n\t\t\t\t<\/div>\n\t\t\t\t\t\t<\/div>\n\t\t\t\t\t<\/div>\n\t\t<\/div>\n\t\t\t\t\t\t\t\t<\/div>\n\t\t\t\t\t<\/div>\n\t\t<\/section>\n\t\t\t\t<section class=\"elementor-section elementor-top-section elementor-element elementor-element-7529828 elementor-section-boxed elementor-section-height-default elementor-section-height-default\" data-id=\"7529828\" data-element_type=\"section\">\n\t\t\t\t\t\t<div class=\"elementor-container elementor-column-gap-default\">\n\t\t\t\t\t\t\t<div class=\"elementor-row\">\n\t\t\t\t\t<div class=\"elementor-column elementor-col-50 elementor-top-column elementor-element elementor-element-0449a27\" data-id=\"0449a27\" data-element_type=\"column\">\n\t\t\t<div class=\"elementor-column-wrap elementor-element-populated\">\n\t\t\t\t\t\t\t<div class=\"elementor-widget-wrap\">\n\t\t\t\t\t\t<div class=\"elementor-element elementor-element-7125162 elementor-widget elementor-widget-spacer\" data-id=\"7125162\" data-element_type=\"widget\" data-widget_type=\"spacer.default\">\n\t\t\t\t<div class=\"elementor-widget-container\">\n\t\t\t\t\t<div class=\"elementor-spacer\">\n\t\t\t<div class=\"elementor-spacer-inner\"><\/div>\n\t\t<\/div>\n\t\t\t\t<\/div>\n\t\t\t\t<\/div>\n\t\t\t\t<div class=\"elementor-element elementor-element-a9fd8e6 elementor-widget elementor-widget-text-editor\" data-id=\"a9fd8e6\" data-element_type=\"widget\" data-widget_type=\"text-editor.default\">\n\t\t\t\t<div class=\"elementor-widget-container\">\n\t\t\t\t\t<div class=\"elementor-text-editor elementor-clearfix\"><p>Es gibt zahlreiche Gr\u00fcnde, einen B\u00fcroraum unterzuvermieten. Du w\u00fcrdest beispielsweise gerne in ein kleineres B\u00fcro ziehen, dein aktueller Mietvertrag l\u00e4uft jedoch noch f\u00fcr mindestens sechs Monate. Du hast mehr Fl\u00e4che angemietet, als du f\u00fcr deine momentane Teamgr\u00f6\u00dfe ben\u00f6tigst. Oder dein geplantes Wachstum verz\u00f6gert sich und du brauchst die angemietete Fl\u00e4che sp\u00e4ter als gedacht.<\/p><p>Welche Gr\u00fcnde du auch immer hast, eines ist sicher: Mit einer Untervermietung vermeidest du unn\u00f6tigen Leerstand und sparst Kosten. Doch was kann man untervermieten und was musst du bei der Untervermietung von B\u00fcrofl\u00e4chen sonst noch beachten? Wir geben dir hier einen kleinen \u00dcberblick.<\/p><\/div>\n\t\t\t\t<\/div>\n\t\t\t\t<\/div>\n\t\t\t\t<div class=\"elementor-element elementor-element-a768a8c elementor-widget elementor-widget-spacer\" data-id=\"a768a8c\" data-element_type=\"widget\" data-widget_type=\"spacer.default\">\n\t\t\t\t<div class=\"elementor-widget-container\">\n\t\t\t\t\t<div class=\"elementor-spacer\">\n\t\t\t<div class=\"elementor-spacer-inner\"><\/div>\n\t\t<\/div>\n\t\t\t\t<\/div>\n\t\t\t\t<\/div>\n\t\t\t\t\t\t<\/div>\n\t\t\t\t\t<\/div>\n\t\t<\/div>\n\t\t\t\t<div class=\"elementor-column elementor-col-50 elementor-top-column elementor-element elementor-element-9f9cefa\" data-id=\"9f9cefa\" data-element_type=\"column\">\n\t\t\t<div class=\"elementor-column-wrap elementor-element-populated\">\n\t\t\t\t\t\t\t<div class=\"elementor-widget-wrap\">\n\t\t\t\t\t\t<div class=\"elementor-element elementor-element-a2ee866 elementor-widget elementor-widget-spacer\" data-id=\"a2ee866\" data-element_type=\"widget\" data-widget_type=\"spacer.default\">\n\t\t\t\t<div class=\"elementor-widget-container\">\n\t\t\t\t\t<div class=\"elementor-spacer\">\n\t\t\t<div class=\"elementor-spacer-inner\"><\/div>\n\t\t<\/div>\n\t\t\t\t<\/div>\n\t\t\t\t<\/div>\n\t\t\t\t<div class=\"elementor-element elementor-element-a952bf3 elementor-widget elementor-widget-image\" data-id=\"a952bf3\" data-element_type=\"widget\" data-widget_type=\"image.default\">\n\t\t\t\t<div class=\"elementor-widget-container\">\n\t\t\t\t\t<div class=\"elementor-image\">\n\t\t\t\t\t\t\t\t\t\t<img src=\"https:\/\/www.sharednc.com\/de\/magazin\/wp-content\/uploads\/elementor\/thumbs\/Leerstehendes-B\u00fcro-riydwfwdceiyl29out8f85v7725bxe9ei4ayy5chws.jpeg\" title=\"Leerstehende B\u00fcros untervermieten\" alt=\"Leerstehendes B\u00fcro\" \/>\t\t\t\t\t\t\t\t\t\t\t<\/div>\n\t\t\t\t<\/div>\n\t\t\t\t<\/div>\n\t\t\t\t\t\t<\/div>\n\t\t\t\t\t<\/div>\n\t\t<\/div>\n\t\t\t\t\t\t\t\t<\/div>\n\t\t\t\t\t<\/div>\n\t\t<\/section>\n\t\t\t\t<section class=\"elementor-section elementor-top-section elementor-element elementor-element-1fbad9b1 elementor-section-boxed elementor-section-height-default elementor-section-height-default\" data-id=\"1fbad9b1\" data-element_type=\"section\">\n\t\t\t\t\t\t<div class=\"elementor-container elementor-column-gap-default\">\n\t\t\t\t\t\t\t<div class=\"elementor-row\">\n\t\t\t\t\t<div class=\"elementor-column elementor-col-100 elementor-top-column elementor-element elementor-element-5b74d7dc\" data-id=\"5b74d7dc\" data-element_type=\"column\">\n\t\t\t<div class=\"elementor-column-wrap elementor-element-populated\">\n\t\t\t\t\t\t\t<div class=\"elementor-widget-wrap\">\n\t\t\t\t\t\t<div class=\"elementor-element elementor-element-73dabb86 elementor-widget elementor-widget-text-editor\" data-id=\"73dabb86\" data-element_type=\"widget\" data-widget_type=\"text-editor.default\">\n\t\t\t\t<div class=\"elementor-widget-container\">\n\t\t\t\t\t<div class=\"elementor-text-editor elementor-clearfix\"><p><span style=\"font-weight: 400;\">Du m\u00f6chtest Teile deines B\u00fcros untervermieten? Dann erf\u00e4hrst du mehr dazu in unserem<\/span> <span style=\"color: #029b7a;\"><a style=\"color: #029b7a;\" href=\"https:\/\/www.sharednc.com\/de\/magazin\/buero-vermieten\/buero-untervermieten\">Blogartikel \u201eEin B\u00fcro untervermieten \u2013 darauf sollte geachtet werden<span style=\"font-weight: 400;\">\u201d<\/span><\/a><\/span><span style=\"font-weight: 400;\">. Denn wenn du in deinen R\u00e4umlichkeiten ungenutzte B\u00fcror\u00e4ume oder B\u00fcrofl\u00e4chen hast, dann ist Untervermietung f\u00fcr dich das Richtige. So ist es m\u00f6glich, Mietvertr\u00e4ge mit k\u00fcrzeren Laufzeiten zu vereinbaren und flexibel nach Platzbedarf die freien B\u00fcrofl\u00e4chen unterzuvermieten. Du hast dabei sogar noch einen weiteren<\/span><b> positiven Nebeneffekt<\/b><span style=\"font-weight: 400;\">: Du hilfst jungen Unternehmen ein Zuhause f\u00fcr ihr Business zu finden und kannst gleichzeitig unn\u00f6tige Mietkosten sparen.<\/span><\/p><\/div>\n\t\t\t\t<\/div>\n\t\t\t\t<\/div>\n\t\t\t\t<div class=\"elementor-element elementor-element-266b967e elementor-align-center elementor-widget elementor-widget-raven-button\" data-id=\"266b967e\" data-element_type=\"widget\" data-widget_type=\"raven-button.default\">\n\t\t\t\t<div class=\"elementor-widget-container\">\n\t\t\t\t\t<div class=\"raven-widget-wrapper\">\n\t\t\t<a class=\"raven-button raven-button-link\" href=\"https:\/\/www.sharednc.com\/de\/buero-untervermieten\" target=\"_blank\">\n\t\t\t\t<span class=\"raven-button-content\">\n\t\t\t\t\t\t\t\t\t\t<span class=\"raven-button-text\">\n\t\t\t\t\t\tB\u00fcro untervermieten mit shareDnC\t\t\t\t\t\t\t\t\t\t\t<\/span>\n\t\t\t\t<\/span>\n\t\t\t<\/a>\n\t\t<\/div>\n\t\t\t\t<\/div>\n\t\t\t\t<\/div>\n\t\t\t\t\t\t<\/div>\n\t\t\t\t\t<\/div>\n\t\t<\/div>\n\t\t\t\t\t\t\t\t<\/div>\n\t\t\t\t\t<\/div>\n\t\t<\/section>\n\t\t\t\t<section class=\"elementor-section elementor-top-section elementor-element elementor-element-d568be5 elementor-section-boxed elementor-section-height-default elementor-section-height-default\" data-id=\"d568be5\" data-element_type=\"section\">\n\t\t\t\t\t\t<div class=\"elementor-container elementor-column-gap-default\">\n\t\t\t\t\t\t\t<div class=\"elementor-row\">\n\t\t\t\t\t<div class=\"elementor-column elementor-col-33 elementor-top-column elementor-element elementor-element-f32b8c4\" data-id=\"f32b8c4\" data-element_type=\"column\">\n\t\t\t<div class=\"elementor-column-wrap elementor-element-populated\">\n\t\t\t\t\t\t\t<div class=\"elementor-widget-wrap\">\n\t\t\t\t\t\t<div class=\"elementor-element elementor-element-25170b1 elementor-widget elementor-widget-spacer\" data-id=\"25170b1\" data-element_type=\"widget\" data-widget_type=\"spacer.default\">\n\t\t\t\t<div class=\"elementor-widget-container\">\n\t\t\t\t\t<div class=\"elementor-spacer\">\n\t\t\t<div class=\"elementor-spacer-inner\"><\/div>\n\t\t<\/div>\n\t\t\t\t<\/div>\n\t\t\t\t<\/div>\n\t\t\t\t<div class=\"elementor-element elementor-element-dcee770 elementor-widget elementor-widget-text-editor\" data-id=\"dcee770\" data-element_type=\"widget\" data-widget_type=\"text-editor.default\">\n\t\t\t\t<div class=\"elementor-widget-container\">\n\t\t\t\t\t<div class=\"elementor-text-editor elementor-clearfix\"><h3><strong>Inhalt:<\/strong><\/h3><\/div>\n\t\t\t\t<\/div>\n\t\t\t\t<\/div>\n\t\t\t\t\t\t<\/div>\n\t\t\t\t\t<\/div>\n\t\t<\/div>\n\t\t\t\t<div class=\"elementor-column elementor-col-66 elementor-top-column elementor-element elementor-element-abc492b\" data-id=\"abc492b\" data-element_type=\"column\">\n\t\t\t<div class=\"elementor-column-wrap elementor-element-populated\">\n\t\t\t\t\t\t\t<div class=\"elementor-widget-wrap\">\n\t\t\t\t\t\t<div class=\"elementor-element elementor-element-0b09488 elementor-widget elementor-widget-spacer\" data-id=\"0b09488\" data-element_type=\"widget\" data-widget_type=\"spacer.default\">\n\t\t\t\t<div class=\"elementor-widget-container\">\n\t\t\t\t\t<div class=\"elementor-spacer\">\n\t\t\t<div class=\"elementor-spacer-inner\"><\/div>\n\t\t<\/div>\n\t\t\t\t<\/div>\n\t\t\t\t<\/div>\n\t\t\t\t<div class=\"elementor-element elementor-element-6735482 elementor-widget elementor-widget-text-editor\" data-id=\"6735482\" data-element_type=\"widget\" data-widget_type=\"text-editor.default\">\n\t\t\t\t<div class=\"elementor-widget-container\">\n\t\t\t\t\t<div class=\"elementor-text-editor elementor-clearfix\"><ol><li>Was kannst du untervermieten?<\/li><li>Wie berechnest du die Miete?<\/li><li>Flexibilit\u00e4t in Corona-Zeiten<\/li><li>Die Branchen typischer Untermieter<\/li><li>Und wie gehst du jetzt am besten vor?<\/li><\/ol><\/div>\n\t\t\t\t<\/div>\n\t\t\t\t<\/div>\n\t\t\t\t\t\t<\/div>\n\t\t\t\t\t<\/div>\n\t\t<\/div>\n\t\t\t\t\t\t\t\t<\/div>\n\t\t\t\t\t<\/div>\n\t\t<\/section>\n\t\t\t\t<section class=\"elementor-section elementor-top-section elementor-element elementor-element-59583fd elementor-section-boxed elementor-section-height-default elementor-section-height-default\" data-id=\"59583fd\" data-element_type=\"section\">\n\t\t\t\t\t\t<div class=\"elementor-container elementor-column-gap-default\">\n\t\t\t\t\t\t\t<div class=\"elementor-row\">\n\t\t\t\t\t<div class=\"elementor-column elementor-col-100 elementor-top-column elementor-element elementor-element-4a0283d\" data-id=\"4a0283d\" data-element_type=\"column\">\n\t\t\t<div class=\"elementor-column-wrap elementor-element-populated\">\n\t\t\t\t\t\t\t<div class=\"elementor-widget-wrap\">\n\t\t\t\t\t\t<div class=\"elementor-element elementor-element-1c0d103 elementor-widget elementor-widget-spacer\" data-id=\"1c0d103\" data-element_type=\"widget\" data-widget_type=\"spacer.default\">\n\t\t\t\t<div class=\"elementor-widget-container\">\n\t\t\t\t\t<div class=\"elementor-spacer\">\n\t\t\t<div class=\"elementor-spacer-inner\"><\/div>\n\t\t<\/div>\n\t\t\t\t<\/div>\n\t\t\t\t<\/div>\n\t\t\t\t<div class=\"elementor-element elementor-element-2bba500 elementor-widget elementor-widget-heading\" data-id=\"2bba500\" data-element_type=\"widget\" data-widget_type=\"heading.default\">\n\t\t\t\t<div class=\"elementor-widget-container\">\n\t\t\t<h2 class=\"elementor-heading-title elementor-size-default\">Was kannst du untervermieten?<\/h2>\t\t<\/div>\n\t\t\t\t<\/div>\n\t\t\t\t<div class=\"elementor-element elementor-element-6aa88ab elementor-widget elementor-widget-text-editor\" data-id=\"6aa88ab\" data-element_type=\"widget\" data-widget_type=\"text-editor.default\">\n\t\t\t\t<div class=\"elementor-widget-container\">\n\t\t\t\t\t<div class=\"elementor-text-editor elementor-clearfix\"><p>Zun\u00e4chst einmal zur\u00fcck zur Frage, was du alles untervermieten kannst. Es gibt grunds\u00e4tzlich ein Hauptkriterium, das dein Office-Space erf\u00fcllen sollte, damit er f\u00fcr andere Unternehmen interessant ist:\u00a0 Deine freien Fl\u00e4chen sind absehbar f\u00fcr mindestens sechs Monate verf\u00fcgbar.<\/p><p>Ist dies der Fall, kannst du sowohl einen einzelnen Raum als auch mehrere B\u00fcror\u00e4ume untervermieten. Besonders B\u00fcror\u00e4ume sind bei Unternehmen \u00fcbrigens sehr begehrt. Der Grund: Sie bieten vor allem kompletten Teams ein hohes Ma\u00df an Privatsph\u00e4re, beispielsweise um vertrauliche Dinge zu besprechen oder einfach mal die T\u00fcr zu schlie\u00dfen.\u00a0<span style=\"font-size: 1rem;\">Daneben eignet sich eine komplett eigenst\u00e4ndige B\u00fcrofl\u00e4che zur Untervermietung ebenso wie einzelne Schreibtischpl\u00e4tze.<\/span><\/p><\/div>\n\t\t\t\t<\/div>\n\t\t\t\t<\/div>\n\t\t\t\t\t\t<\/div>\n\t\t\t\t\t<\/div>\n\t\t<\/div>\n\t\t\t\t\t\t\t\t<\/div>\n\t\t\t\t\t<\/div>\n\t\t<\/section>\n\t\t\t\t<section class=\"elementor-section elementor-top-section elementor-element elementor-element-003aef4 elementor-section-boxed elementor-section-height-default elementor-section-height-default\" data-id=\"003aef4\" data-element_type=\"section\">\n\t\t\t\t\t\t<div class=\"elementor-container elementor-column-gap-default\">\n\t\t\t\t\t\t\t<div class=\"elementor-row\">\n\t\t\t\t\t<div class=\"elementor-column elementor-col-100 elementor-top-column elementor-element elementor-element-0fa14ba\" data-id=\"0fa14ba\" data-element_type=\"column\">\n\t\t\t<div class=\"elementor-column-wrap elementor-element-populated\">\n\t\t\t\t\t\t\t<div class=\"elementor-widget-wrap\">\n\t\t\t\t\t\t<div class=\"elementor-element elementor-element-fb9f5dc elementor-widget elementor-widget-spacer\" data-id=\"fb9f5dc\" data-element_type=\"widget\" data-widget_type=\"spacer.default\">\n\t\t\t\t<div class=\"elementor-widget-container\">\n\t\t\t\t\t<div class=\"elementor-spacer\">\n\t\t\t<div class=\"elementor-spacer-inner\"><\/div>\n\t\t<\/div>\n\t\t\t\t<\/div>\n\t\t\t\t<\/div>\n\t\t\t\t<div class=\"elementor-element elementor-element-aeb0fd3 elementor-widget elementor-widget-heading\" data-id=\"aeb0fd3\" data-element_type=\"widget\" data-widget_type=\"heading.default\">\n\t\t\t\t<div class=\"elementor-widget-container\">\n\t\t\t<h2 class=\"elementor-heading-title elementor-size-default\">Wie berechnest du die Miete?<\/h2>\t\t<\/div>\n\t\t\t\t<\/div>\n\t\t\t\t<div class=\"elementor-element elementor-element-e1b4394 elementor-widget elementor-widget-text-editor\" data-id=\"e1b4394\" data-element_type=\"widget\" data-widget_type=\"text-editor.default\">\n\t\t\t\t<div class=\"elementor-widget-container\">\n\t\t\t\t\t<div class=\"elementor-text-editor elementor-clearfix\"><p>Du hast dich also dazu entschieden, deine freien B\u00fcrofl\u00e4chen unterzuvermieten. Der n\u00e4chste Schritt w\u00e4re nun, deine Miete zu berechnen. Grunds\u00e4tzlich gilt dabei die Faustregel: Alles, was du anbietest, musst du auch in deiner Miete ber\u00fccksichtigen.<\/p><p>Das betrifft nicht nur die Kosten f\u00fcr die Nutzung der R\u00e4umlichkeiten, sondern auch s\u00e4mtliche Nebenkosten wie beispielsweise die Ausgaben f\u00fcr das Internet, die Reinigung etc. Willst du selbst ausrechnen, was du mit der Untervermietung von ungenutzten B\u00fcrofl\u00e4chen sparen kannst, nutze dazu einfach\u00a0<a href=\"https:\/\/www.sharednc.com\/de\/buero-untervermieten#mietpreiskalkulator\">unseren Kalkulator<\/a>.<\/p><\/div>\n\t\t\t\t<\/div>\n\t\t\t\t<\/div>\n\t\t\t\t\t\t<\/div>\n\t\t\t\t\t<\/div>\n\t\t<\/div>\n\t\t\t\t\t\t\t\t<\/div>\n\t\t\t\t\t<\/div>\n\t\t<\/section>\n\t\t\t\t<section class=\"elementor-section elementor-top-section elementor-element elementor-element-b8f8985 elementor-section-boxed elementor-section-height-default elementor-section-height-default\" data-id=\"b8f8985\" data-element_type=\"section\">\n\t\t\t\t\t\t<div class=\"elementor-container elementor-column-gap-default\">\n\t\t\t\t\t\t\t<div class=\"elementor-row\">\n\t\t\t\t\t<div class=\"elementor-column elementor-col-100 elementor-top-column elementor-element elementor-element-7c87c79\" data-id=\"7c87c79\" data-element_type=\"column\">\n\t\t\t<div class=\"elementor-column-wrap elementor-element-populated\">\n\t\t\t\t\t\t\t<div class=\"elementor-widget-wrap\">\n\t\t\t\t\t\t<div class=\"elementor-element elementor-element-26ee842 elementor-widget elementor-widget-spacer\" data-id=\"26ee842\" data-element_type=\"widget\" data-widget_type=\"spacer.default\">\n\t\t\t\t<div class=\"elementor-widget-container\">\n\t\t\t\t\t<div class=\"elementor-spacer\">\n\t\t\t<div class=\"elementor-spacer-inner\"><\/div>\n\t\t<\/div>\n\t\t\t\t<\/div>\n\t\t\t\t<\/div>\n\t\t\t\t<div class=\"elementor-element elementor-element-4b63b2f elementor-widget elementor-widget-heading\" data-id=\"4b63b2f\" data-element_type=\"widget\" data-widget_type=\"heading.default\">\n\t\t\t\t<div class=\"elementor-widget-container\">\n\t\t\t<h2 class=\"elementor-heading-title elementor-size-default\">Flexibilit\u00e4t in Corona-Zeiten<\/h2>\t\t<\/div>\n\t\t\t\t<\/div>\n\t\t\t\t<div class=\"elementor-element elementor-element-046bb8c elementor-widget elementor-widget-text-editor\" data-id=\"046bb8c\" data-element_type=\"widget\" data-widget_type=\"text-editor.default\">\n\t\t\t\t<div class=\"elementor-widget-container\">\n\t\t\t\t\t<div class=\"elementor-text-editor elementor-clearfix\"><p>Bitte beachte bei deinem Angebot auch, dass die derzeitige Situation f\u00fcr Selbstst\u00e4ndige, Freelancer, Berater, Agenturen und Startups sowie kleine und mittlere Unternehmen besonders herausfordernd sein kann \u2013 nicht nur in finanzieller Hinsicht. Da wir uns inmitten einer Pandemie befinden, deren H\u00f6hepunkt noch l\u00e4ngst nicht erreicht zu sein scheint und deren Ende niemand vorhersehen kann, m\u00fcssen sich viele Firmen neu erfinden. Was ihnen dabei hilft, ist ein H\u00f6chstma\u00df an Flexibilit\u00e4t \u2013 insbesondere im Hinblick auf das Mieten von B\u00fcror\u00e4umen. Kurze Mindestlaufzeiten und K\u00fcndigungsfristen von 1-3 Monaten bieten deinem Mieter die notwendige Flexibilit\u00e4t und machen dein Angebot besonders interessant.\u00a0<\/p><\/div>\n\t\t\t\t<\/div>\n\t\t\t\t<\/div>\n\t\t\t\t\t\t<\/div>\n\t\t\t\t\t<\/div>\n\t\t<\/div>\n\t\t\t\t\t\t\t\t<\/div>\n\t\t\t\t\t<\/div>\n\t\t<\/section>\n\t\t\t\t<section class=\"elementor-section elementor-top-section elementor-element elementor-element-7fcc213 elementor-section-boxed elementor-section-height-default elementor-section-height-default\" data-id=\"7fcc213\" data-element_type=\"section\">\n\t\t\t\t\t\t<div class=\"elementor-container elementor-column-gap-default\">\n\t\t\t\t\t\t\t<div class=\"elementor-row\">\n\t\t\t\t\t<div class=\"elementor-column elementor-col-100 elementor-top-column elementor-element elementor-element-7521f3c\" data-id=\"7521f3c\" data-element_type=\"column\">\n\t\t\t<div class=\"elementor-column-wrap elementor-element-populated\">\n\t\t\t\t\t\t\t<div class=\"elementor-widget-wrap\">\n\t\t\t\t\t\t<div class=\"elementor-element elementor-element-aabe8b1 elementor-widget elementor-widget-spacer\" data-id=\"aabe8b1\" data-element_type=\"widget\" data-widget_type=\"spacer.default\">\n\t\t\t\t<div class=\"elementor-widget-container\">\n\t\t\t\t\t<div class=\"elementor-spacer\">\n\t\t\t<div class=\"elementor-spacer-inner\"><\/div>\n\t\t<\/div>\n\t\t\t\t<\/div>\n\t\t\t\t<\/div>\n\t\t\t\t<div class=\"elementor-element elementor-element-99a3a17 elementor-widget elementor-widget-heading\" data-id=\"99a3a17\" data-element_type=\"widget\" data-widget_type=\"heading.default\">\n\t\t\t\t<div class=\"elementor-widget-container\">\n\t\t\t<h2 class=\"elementor-heading-title elementor-size-default\">Die Branchen typischer Untermieter<\/h2>\t\t<\/div>\n\t\t\t\t<\/div>\n\t\t\t\t<div class=\"elementor-element elementor-element-029c74a elementor-widget elementor-widget-text-editor\" data-id=\"029c74a\" data-element_type=\"widget\" data-widget_type=\"text-editor.default\">\n\t\t\t\t<div class=\"elementor-widget-container\">\n\t\t\t\t\t<div class=\"elementor-text-editor elementor-clearfix\"><p>Die oben genannten Berufsgruppen sind \u00fcbrigens genau die Zielgruppe f\u00fcr eine Untervermietung von B\u00fcror\u00e4umen. In einer Umfrage haben wir unsere User gefragt, zu welchen Berufsgruppen sie geh\u00f6ren.<\/p><p>Die Ergebnisse sahen wie folgt aus:<\/p><ul><li>30 Prozent Agenturen (Kommunikation, Kreativ und IT)<\/li><li>20 Prozent Berater<\/li><li>15 Prozent Startups<\/li><li><span style=\"font-size: 1rem;\">15 Prozent Freelancer und Selbstst\u00e4ndige<\/span><\/li><li>15 Prozent kleine und mittlere Unternehmen anderer Branchen<\/li><li>5 Prozent Niederlassungen oder Projektteams gr\u00f6\u00dferer Firmen<\/li><\/ul><\/div>\n\t\t\t\t<\/div>\n\t\t\t\t<\/div>\n\t\t\t\t\t\t<\/div>\n\t\t\t\t\t<\/div>\n\t\t<\/div>\n\t\t\t\t\t\t\t\t<\/div>\n\t\t\t\t\t<\/div>\n\t\t<\/section>\n\t\t\t\t<section class=\"elementor-section elementor-top-section elementor-element elementor-element-b7a4ca7 elementor-section-boxed elementor-section-height-default elementor-section-height-default\" data-id=\"b7a4ca7\" data-element_type=\"section\">\n\t\t\t\t\t\t<div class=\"elementor-container elementor-column-gap-default\">\n\t\t\t\t\t\t\t<div class=\"elementor-row\">\n\t\t\t\t\t<div class=\"elementor-column elementor-col-100 elementor-top-column elementor-element elementor-element-5ca25ad\" data-id=\"5ca25ad\" data-element_type=\"column\">\n\t\t\t<div class=\"elementor-column-wrap elementor-element-populated\">\n\t\t\t\t\t\t\t<div class=\"elementor-widget-wrap\">\n\t\t\t\t\t\t<div class=\"elementor-element elementor-element-e353cc2 elementor-widget elementor-widget-spacer\" data-id=\"e353cc2\" data-element_type=\"widget\" data-widget_type=\"spacer.default\">\n\t\t\t\t<div class=\"elementor-widget-container\">\n\t\t\t\t\t<div class=\"elementor-spacer\">\n\t\t\t<div class=\"elementor-spacer-inner\"><\/div>\n\t\t<\/div>\n\t\t\t\t<\/div>\n\t\t\t\t<\/div>\n\t\t\t\t<div class=\"elementor-element elementor-element-efa2b69 elementor-widget elementor-widget-heading\" data-id=\"efa2b69\" data-element_type=\"widget\" data-widget_type=\"heading.default\">\n\t\t\t\t<div class=\"elementor-widget-container\">\n\t\t\t<h2 class=\"elementor-heading-title elementor-size-default\">Und wie gehst du jetzt am besten vor?<\/h2>\t\t<\/div>\n\t\t\t\t<\/div>\n\t\t\t\t<div class=\"elementor-element elementor-element-1a9ed6b elementor-widget elementor-widget-text-editor\" data-id=\"1a9ed6b\" data-element_type=\"widget\" data-widget_type=\"text-editor.default\">\n\t\t\t\t<div class=\"elementor-widget-container\">\n\t\t\t\t\t<div class=\"elementor-text-editor elementor-clearfix\"><p>Wer freie B\u00fcrofl\u00e4chen besitzt, hat verschiedene M\u00f6glichkeiten, seine Gewerbeimmobilien f\u00fcr andere Unternehmen sichtbar zu machen. Am einfachsten ist es, wenn du ein eigenes Netzwerk hast und dar\u00fcber Unternehmen findest, die Bedarf haben und gut zu dir passen.<\/p><p>Alternativ kannst du deine freien B\u00fcrofl\u00e4chen auch online anbieten. Hierf\u00fcr eignen sich Immobilienportale, Kleinanzeigen und Makler. All diese Optionen sind jedoch keine optimalen L\u00f6sungen, da sie keinen Fokus auf Untervermietung haben. Hier kommt shareDnC ins Spiel. Wir haben uns auf Untervermietung spezialisiert und k\u00f6nnen dir so das beste Angebot bieten.<\/p><\/div>\n\t\t\t\t<\/div>\n\t\t\t\t<\/div>\n\t\t\t\t\t\t<\/div>\n\t\t\t\t\t<\/div>\n\t\t<\/div>\n\t\t\t\t\t\t\t\t<\/div>\n\t\t\t\t\t<\/div>\n\t\t<\/section>\n\t\t\t\t<section class=\"elementor-section elementor-top-section elementor-element elementor-element-d2d6418 elementor-section-boxed elementor-section-height-default elementor-section-height-default\" data-id=\"d2d6418\" data-element_type=\"section\">\n\t\t\t\t\t\t<div class=\"elementor-container elementor-column-gap-default\">\n\t\t\t\t\t\t\t<div class=\"elementor-row\">\n\t\t\t\t\t<div class=\"elementor-column elementor-col-100 elementor-top-column elementor-element elementor-element-ce1dd4b\" data-id=\"ce1dd4b\" data-element_type=\"column\">\n\t\t\t<div class=\"elementor-column-wrap elementor-element-populated\">\n\t\t\t\t\t\t\t<div class=\"elementor-widget-wrap\">\n\t\t\t\t\t\t<div class=\"elementor-element elementor-element-a2510cb elementor-widget elementor-widget-spacer\" data-id=\"a2510cb\" data-element_type=\"widget\" data-widget_type=\"spacer.default\">\n\t\t\t\t<div class=\"elementor-widget-container\">\n\t\t\t\t\t<div class=\"elementor-spacer\">\n\t\t\t<div class=\"elementor-spacer-inner\"><\/div>\n\t\t<\/div>\n\t\t\t\t<\/div>\n\t\t\t\t<\/div>\n\t\t\t\t<div class=\"elementor-element elementor-element-42b7415 elementor-widget-divider--view-line elementor-widget elementor-widget-divider\" data-id=\"42b7415\" data-element_type=\"widget\" data-widget_type=\"divider.default\">\n\t\t\t\t<div class=\"elementor-widget-container\">\n\t\t\t\t\t<div class=\"elementor-divider\">\n\t\t\t<span class=\"elementor-divider-separator\">\n\t\t\t\t\t\t<\/span>\n\t\t<\/div>\n\t\t\t\t<\/div>\n\t\t\t\t<\/div>\n\t\t\t\t<div class=\"elementor-element elementor-element-0f8ed1a elementor-author-box--avatar-yes elementor-author-box--name-yes elementor-author-box--biography-yes elementor-author-box--link-no elementor-widget elementor-widget-author-box\" data-id=\"0f8ed1a\" data-element_type=\"widget\" data-widget_type=\"author-box.default\">\n\t\t\t\t<div class=\"elementor-widget-container\">\n\t\t\t\t\t<div class=\"elementor-author-box\">\n\t\t\t\t\t\t\t<div  class=\"elementor-author-box__avatar\">\n\t\t\t\t\t<img src=\"https:\/\/www.sharednc.com\/de\/magazin\/wp-content\/uploads\/2025\/05\/1684145081734-1.jpeg\" alt=\"Florian Lang\">\n\t\t\t\t<\/div>\n\t\t\t\n\t\t\t<div class=\"elementor-author-box__text\">\n\t\t\t\t\t\t\t\t\t<div >\n\t\t\t\t\t\t<h4 class=\"elementor-author-box__name\">Florian Lang<\/h4>\t\t\t\t\t<\/div>\n\t\t\t\t\n\t\t\t\t\t\t\t\t\t<div class=\"elementor-author-box__bio\">\n\t\t\t\t\t\tFlorian Lang ist Gesch\u00e4ftsf\u00fchrer der shareDnC GmbH, Deutschlands f\u00fchrender Plattform f\u00fcr flexible B\u00fcros, Coworking Spaces und Shared Offices. Mit langj\u00e4hriger Erfahrung in der Immobilienbranche und fundierter Expertise in der Entwicklung digitaler Gesch\u00e4ftsmodelle treibt er die Digitalisierung und Flexibilisierung von B\u00fcrofl\u00e4chen in Deutschland ma\u00dfgeblich voran.\t\t\t\t\t<\/div>\n\t\t\t\t\n\t\t\t\t\t\t\t<\/div>\n\t\t<\/div>\n\t\t\t\t<\/div>\n\t\t\t\t<\/div>\n\t\t\t\t<div class=\"elementor-element elementor-element-71e1472 elementor-widget-divider--view-line elementor-widget elementor-widget-divider\" data-id=\"71e1472\" data-element_type=\"widget\" data-widget_type=\"divider.default\">\n\t\t\t\t<div class=\"elementor-widget-container\">\n\t\t\t\t\t<div class=\"elementor-divider\">\n\t\t\t<span class=\"elementor-divider-separator\">\n\t\t\t\t\t\t<\/span>\n\t\t<\/div>\n\t\t\t\t<\/div>\n\t\t\t\t<\/div>\n\t\t\t\t\t\t<\/div>\n\t\t\t\t\t<\/div>\n\t\t<\/div>\n\t\t\t\t\t\t\t\t<\/div>\n\t\t\t\t\t<\/div>\n\t\t<\/section>\n\t\t\t\t\t\t<\/div>\n\t\t\t\t\t\t<\/div>\n\t\t\t\t\t<\/div>\n\t\t","protected":false},"excerpt":{"rendered":"<p>Erfahre hier, was du bei der Untervermietung von leerstehenden B\u00fcror\u00e4umen beachten muss. \u2713 Was untervermieten?, Welcher Mietpreis? \u2713 , Untermieter finden \u2713.<\/p>\n","protected":false},"author":16,"featured_media":4019,"comment_status":"closed","ping_status":"closed","sticky":false,"template":"","format":"standard","meta":[],"categories":[32],"tags":[188,194,189],"_links":{"self":[{"href":"https:\/\/www.sharednc.com\/de\/magazin\/wp-json\/wp\/v2\/posts\/4083"}],"collection":[{"href":"https:\/\/www.sharednc.com\/de\/magazin\/wp-json\/wp\/v2\/posts"}],"about":[{"href":"https:\/\/www.sharednc.com\/de\/magazin\/wp-json\/wp\/v2\/types\/post"}],"author":[{"embeddable":true,"href":"https:\/\/www.sharednc.com\/de\/magazin\/wp-json\/wp\/v2\/users\/16"}],"replies":[{"embeddable":true,"href":"https:\/\/www.sharednc.com\/de\/magazin\/wp-json\/wp\/v2\/comments?post=4083"}],"version-history":[{"count":0,"href":"https:\/\/www.sharednc.com\/de\/magazin\/wp-json\/wp\/v2\/posts\/4083\/revisions"}],"wp:featuredmedia":[{"embeddable":true,"href":"https:\/\/www.sharednc.com\/de\/magazin\/wp-json\/wp\/v2\/media\/4019"}],"wp:attachment":[{"href":"https:\/\/www.sharednc.com\/de\/magazin\/wp-json\/wp\/v2\/media?parent=4083"}],"wp:term":[{"taxonomy":"category","embeddable":true,"href":"https:\/\/www.sharednc.com\/de\/magazin\/wp-json\/wp\/v2\/categories?post=4083"},{"taxonomy":"post_tag","embeddable":true,"href":"https:\/\/www.sharednc.com\/de\/magazin\/wp-json\/wp\/v2\/tags?post=4083"}],"curies":[{"name":"wp","href":"https:\/\/api.w.org\/{rel}","templated":true}]}}